{"id":19557,"date":"2024-12-02T16:52:06","date_gmt":"2024-12-02T15:52:06","guid":{"rendered":"https:\/\/www.crowdfarming.com\/non-categorise\/clementines-verite-ou-mythe\/"},"modified":"2025-12-19T15:56:18","modified_gmt":"2025-12-19T14:56:18","slug":"clementines-verite-ou-mythe","status":"publish","type":"post","link":"https:\/\/laruchequiditoui.fr\/what-the-field\/societe\/clementines-verite-ou-mythe\/","title":{"rendered":"Cl\u00e9mentines : v\u00e9rit\u00e9 ou mythe"},"content":{"rendered":"\n<p>La saison des cl\u00e9mentines bat sont plein (de fin octobre \u00e0 d\u00e9but mars) et beaucoup d&rsquo;entre vous en profite pour commander aupr\u00e8s de nos producteurs. Cependant, certains aspects de ces fruits peuvent soulever des questions lorsqu\u2019ils ne correspondent pas \u00e0 nos attentes habituelles. Que ce soit leur couleur, leur taille, leur go\u00fbt ou leur facilit\u00e9 \u00e0 \u00eatre \u00e9pluch\u00e9es, nous sommes l\u00e0 pour tout clarifier afin que vous puissiez profiter pleinement de la beaut\u00e9 et de la diversit\u00e9 de ce fruit.<br><br><\/p>\n\n\n\n<p><strong>Pourquoi certaines cl\u00e9mentines sont-elles vertes ?<\/strong><\/p>\n\n\n\n<p><strong><br><\/strong> La couleur verte des cl\u00e9mentines est tout \u00e0 fait naturelle et ne signifie pas qu\u2019elles ne sont pas m\u00fbres. Les cl\u00e9mentines deviennent oranges lorsqu\u2019elles sont expos\u00e9es \u00e0 des temp\u00e9ratures plus fra\u00eeches, ce qui d\u00e9compose la chlorophylle dans leur peau. Dans les r\u00e9gions plus chaudes, comme le sud de l\u2019Espagne o\u00f9 nos agriculteurs les cultivent, ce processus est plus lent, laissant parfois des taches vertes sur des fruits parfaitement m\u00fbrs.<br>Nos agriculteurs ne r\u00e9coltent que les fruits pleinement m\u00fbrs, alors soyez rassur\u00e9s, les cl\u00e9mentines vertes sont tout aussi sucr\u00e9es et d\u00e9licieuses que celles qui ont la peau orange !<br><br><\/p>\n\n\n\n<p><strong>Cl\u00e9mentines avec ou sans p\u00e9pins<\/strong><br><strong><br><\/strong> La pr\u00e9sence de p\u00e9pins dans les cl\u00e9mentines d\u00e9pend de la vari\u00e9t\u00e9 et du processus de pollinisation. Avoir des cl\u00e9mentines sans p\u00e9pins ne signifie pas qu\u2019elles ont \u00e9t\u00e9 g\u00e9n\u00e9tiquement modifi\u00e9es ou qu\u2019elles ne sont pas bio. En fait, nous proposons de nombreuses vari\u00e9t\u00e9s bio sans p\u00e9pins. Vous pouvez en apprendre davantage sur les fruits sans p\u00e9pins dans notre article de <a href=\"https:\/\/www.crowdfarming.com\/blog\/fr\/cest-un-monde-sans-pepins-la-controverse-au-sujet-des-fruits-sans-pepins\/\">blog<\/a>.<br><br><\/p>\n\n\n\n<p><strong>Pourquoi sont-elles parfois acides en d\u00e9but de saison ?<\/strong><br><strong><br><\/strong> Les premi\u00e8res cl\u00e9mentines de la saison peuvent avoir un go\u00fbt l\u00e9g\u00e8rement acide en raison de l\u2019\u00e9quilibre entre les sucres et les acides dans le fruit. Au fil de la saison, la teneur en sucre augmente, cr\u00e9ant la saveur sucr\u00e9e que nous associons aux cl\u00e9mentines en pleine saison.<br>Si vous pr\u00e9f\u00e9rez des cl\u00e9mentines plus sucr\u00e9es, nous vous recommandons de commander plus tard dans la saison, lorsque leur douceur naturelle est pleinement d\u00e9velopp\u00e9e.<br><br><\/p>\n\n\n\n<p><strong>Cl\u00e9mentines ou mandarines : quelle est la diff\u00e9rence ?<\/strong><br><strong><br><\/strong> Les cl\u00e9mentines sont un type sp\u00e9cifique de mandarine, mais toutes les mandarines ne sont pas des cl\u00e9mentines. Les cl\u00e9mentines sont plus petites, g\u00e9n\u00e9ralement sans p\u00e9pins, et plus faciles \u00e0 \u00e9plucher que d\u2019autres vari\u00e9t\u00e9s de mandarines.<br><br><br>Dans la cat\u00e9gorie des cl\u00e9mentines, il existe \u00e9galement diff\u00e9rentes vari\u00e9t\u00e9s, chacune avec des caract\u00e9ristiques uniques. Certaines peuvent \u00eatre plus sucr\u00e9es, plus juteuses ou avoir une texture diff\u00e9rente.<br><br><br>Consultez notre article de blog sur <a href=\"https:\/\/www.crowdfarming.com\/blog\/fr\/le-vaste-monde-des-varietes-dagrumes-et-leurs-nutriments\/\">les vari\u00e9t\u00e9s d\u2019agrumes<\/a> pour en savoir plus.<br><br><\/p>\n\n\n\n<p><strong>Pourquoi sont-elles de tailles diff\u00e9rentes ?<\/strong><br><br><strong><br><\/strong> Chez CrowdFarming, nous avons pour politique de ne pas juger les fruits par leur taille. La cha\u00eene alimentaire conventionnelle impose des normes tr\u00e8s strictes \u00e0 cet \u00e9gard, ce qui conduit souvent au gaspillage de fruits parfaitement comestibles en raison de leur apparence ou de leur taille. Pour \u00e9viter ce gaspillage inutile, et parce que nous savons que la taille n\u2019a aucun impact sur la qualit\u00e9 ou le go\u00fbt, nous ne rejetons pas les fruits en fonction de leur esth\u00e9tique. De plus, nos agriculteurs n\u2019utilisent pas d\u2019engrais chimiques ni de r\u00e9gulateurs de croissance pour produire des fruits de taille uniforme. Les cl\u00e9mentines poussent donc naturellement, ce qui explique que leur taille varie en fonction des conditions climatiques, de l\u2019\u00e2ge des arbres et des vari\u00e9t\u00e9s.<br><br><\/p>\n\n\n\n<p><strong>Pourquoi certaines cl\u00e9mentines sont-elles difficiles \u00e0 \u00e9plucher ?<\/strong><br><br><strong><br><\/strong> La facilit\u00e9 d\u2019\u00e9pluchage d\u00e9pend de la vari\u00e9t\u00e9 et de la fra\u00eecheur du fruit. Les cl\u00e9mentines en d\u00e9but de saison ont souvent une peau plus fine et plus serr\u00e9e, ce qui les rend l\u00e9g\u00e8rement plus difficiles \u00e0 \u00e9plucher. Au fil de la saison, leur peau se d\u00e9tache plus facilement, ce qui les rend plus simples \u00e0 \u00e9plucher \u00e0 la main.<br><br><br>Astuce : Roulez doucement une cl\u00e9mentine entre vos mains avant de l\u2019\u00e9plucher \u2013 cela peut aider \u00e0 d\u00e9tacher la peau !<br><br><\/p>\n\n\n\n<p>Les cl\u00e9mentines de nos agriculteurs sont le reflet de la diversit\u00e9 de la nature, et leurs caract\u00e9ristiques uniques font partie de leur charme. Qu\u2019elles soient vertes ou orange, petites ou grandes, avec ou sans p\u00e9pins, elles sont cultiv\u00e9es avec soin et respect pour l\u2019environnement.<br><br><br>Nous esp\u00e9rons que cet article r\u00e9pond \u00e0 vos questions et vous aide \u00e0 profiter pleinement de vos cl\u00e9mentines. Si vous avez d\u2019autres doutes, notre \u00e9quipe de service client est toujours l\u00e0 pour vous aider.<\/p>\n","protected":false},"excerpt":{"rendered":"<p>La saison des cl\u00e9mentines bat sont plein (de fin octobre \u00e0 d\u00e9but mars) et beaucoup d&rsquo;entre vous en profite pour commander aupr\u00e8s de nos producteurs. Cependant, certains aspects de ces fruits peuvent soulever des questions lorsqu\u2019ils ne correspondent pas \u00e0 nos attentes habituelles. Que ce soit leur couleur, leur taille, leur go\u00fbt ou leur facilit\u00e9 [&hellip;]<\/p>\n","protected":false},"author":174,"featured_media":19558,"comment_status":"closed","ping_status":"closed","sticky":false,"template":"","format":"standard","meta":{"_acf_changed":false,"inline_featured_image":false,"footnotes":""},"categories":[505],"tags":[],"class_list":["post-19557","post","type-post","status-publish","format-standard","has-post-thumbnail","hentry","category-societe"],"acf":[],"yoast_head":"<!-- This site is optimized with the Yoast SEO plugin v27.4 - https:\/\/yoast.com\/product\/yoast-seo-wordpress\/ -->\n<title>Cl\u00e9mentines : v\u00e9rit\u00e9 ou mythe - WTF<\/title>\n<meta name=\"description\" content=\"La saison des cl\u00e9mentines est l\u00e0 (de fin octobre \u00e0 d\u00e9but mars) et beaucoup d\u2019entre nous profitent de nos commandes de cl\u00e9mentines.\" \/>\n<meta name=\"robots\" content=\"index, follow, max-snippet:-1, max-image-preview:large, max-video-preview:-1\" \/>\n<link rel=\"canonical\" href=\"https:\/\/laruchequiditoui.fr\/fr\/what-the-field\/societe\/clementines-verite-ou-mythe\/\" \/>\n<meta property=\"og:locale\" content=\"fr_FR\" \/>\n<meta property=\"og:type\" content=\"article\" \/>\n<meta property=\"og:title\" content=\"Cl\u00e9mentines : v\u00e9rit\u00e9 ou mythe - WTF\" \/>\n<meta property=\"og:description\" content=\"La saison des cl\u00e9mentines est l\u00e0 (de fin octobre \u00e0 d\u00e9but mars) et beaucoup d\u2019entre nous profitent de nos commandes de cl\u00e9mentines.\" \/>\n<meta property=\"og:url\" content=\"https:\/\/laruchequiditoui.fr\/fr\/what-the-field\/societe\/clementines-verite-ou-mythe\/\" \/>\n<meta property=\"og:site_name\" content=\"WTF\" \/>\n<meta property=\"article:published_time\" content=\"2024-12-02T15:52:06+00:00\" \/>\n<meta property=\"article:modified_time\" content=\"2025-12-19T14:56:18+00:00\" \/>\n<meta property=\"og:image\" content=\"https:\/\/laruchequiditoui.fr\/what-the-field\/wp-content\/uploads\/2025\/12\/DSC06242-1-4.jpg\" \/>\n\t<meta property=\"og:image:width\" content=\"2000\" \/>\n\t<meta property=\"og:image:height\" content=\"1333\" \/>\n\t<meta property=\"og:image:type\" content=\"image\/jpeg\" \/>\n<meta name=\"author\" content=\"Emilia Aguirre\" \/>\n<meta name=\"twitter:card\" content=\"summary_large_image\" \/>\n<meta name=\"twitter:label1\" content=\"\u00c9crit par\" \/>\n\t<meta name=\"twitter:data1\" content=\"Emilia Aguirre\" \/>\n\t<meta name=\"twitter:label2\" content=\"Dur\u00e9e de lecture estim\u00e9e\" \/>\n\t<meta name=\"twitter:data2\" content=\"4 minutes\" \/>\n<script type=\"application\/ld+json\" class=\"yoast-schema-graph\">{\"@context\":\"https:\\\/\\\/schema.org\",\"@graph\":[{\"@type\":\"Article\",\"@id\":\"https:\\\/\\\/laruchequiditoui.fr\\\/fr\\\/what-the-field\\\/societe\\\/clementines-verite-ou-mythe\\\/#article\",\"isPartOf\":{\"@id\":\"https:\\\/\\\/laruchequiditoui.fr\\\/fr\\\/what-the-field\\\/societe\\\/clementines-verite-ou-mythe\\\/\"},\"author\":{\"name\":\"Emilia Aguirre\",\"@id\":\"https:\\\/\\\/www.crowdfarming.com\\\/it\\\/what-the-field\\\/#\\\/schema\\\/person\\\/047ecc8958d09ebbf12c23d4cd2f278f\"},\"headline\":\"Cl\u00e9mentines : v\u00e9rit\u00e9 ou mythe\",\"datePublished\":\"2024-12-02T15:52:06+00:00\",\"dateModified\":\"2025-12-19T14:56:18+00:00\",\"mainEntityOfPage\":{\"@id\":\"https:\\\/\\\/laruchequiditoui.fr\\\/fr\\\/what-the-field\\\/societe\\\/clementines-verite-ou-mythe\\\/\"},\"wordCount\":810,\"image\":{\"@id\":\"https:\\\/\\\/laruchequiditoui.fr\\\/fr\\\/what-the-field\\\/societe\\\/clementines-verite-ou-mythe\\\/#primaryimage\"},\"thumbnailUrl\":\"https:\\\/\\\/laruchequiditoui.fr\\\/what-the-field\\\/wp-content\\\/uploads\\\/2025\\\/12\\\/DSC06242-1-4.jpg\",\"articleSection\":[\"Soci\u00e9t\u00e9\"],\"inLanguage\":\"fr-FR\"},{\"@type\":\"WebPage\",\"@id\":\"https:\\\/\\\/laruchequiditoui.fr\\\/fr\\\/what-the-field\\\/societe\\\/clementines-verite-ou-mythe\\\/\",\"url\":\"https:\\\/\\\/laruchequiditoui.fr\\\/fr\\\/what-the-field\\\/societe\\\/clementines-verite-ou-mythe\\\/\",\"name\":\"Cl\u00e9mentines : v\u00e9rit\u00e9 ou mythe - WTF\",\"isPartOf\":{\"@id\":\"https:\\\/\\\/www.crowdfarming.com\\\/it\\\/what-the-field\\\/#website\"},\"primaryImageOfPage\":{\"@id\":\"https:\\\/\\\/laruchequiditoui.fr\\\/fr\\\/what-the-field\\\/societe\\\/clementines-verite-ou-mythe\\\/#primaryimage\"},\"image\":{\"@id\":\"https:\\\/\\\/laruchequiditoui.fr\\\/fr\\\/what-the-field\\\/societe\\\/clementines-verite-ou-mythe\\\/#primaryimage\"},\"thumbnailUrl\":\"https:\\\/\\\/laruchequiditoui.fr\\\/what-the-field\\\/wp-content\\\/uploads\\\/2025\\\/12\\\/DSC06242-1-4.jpg\",\"datePublished\":\"2024-12-02T15:52:06+00:00\",\"dateModified\":\"2025-12-19T14:56:18+00:00\",\"author\":{\"@id\":\"https:\\\/\\\/www.crowdfarming.com\\\/it\\\/what-the-field\\\/#\\\/schema\\\/person\\\/047ecc8958d09ebbf12c23d4cd2f278f\"},\"description\":\"La saison des cl\u00e9mentines est l\u00e0 (de fin octobre \u00e0 d\u00e9but mars) et beaucoup d\u2019entre nous profitent de nos commandes de cl\u00e9mentines.\",\"breadcrumb\":{\"@id\":\"https:\\\/\\\/laruchequiditoui.fr\\\/fr\\\/what-the-field\\\/societe\\\/clementines-verite-ou-mythe\\\/#breadcrumb\"},\"inLanguage\":\"fr-FR\",\"potentialAction\":[{\"@type\":\"ReadAction\",\"target\":[\"https:\\\/\\\/laruchequiditoui.fr\\\/fr\\\/what-the-field\\\/societe\\\/clementines-verite-ou-mythe\\\/\"]}]},{\"@type\":\"ImageObject\",\"inLanguage\":\"fr-FR\",\"@id\":\"https:\\\/\\\/laruchequiditoui.fr\\\/fr\\\/what-the-field\\\/societe\\\/clementines-verite-ou-mythe\\\/#primaryimage\",\"url\":\"https:\\\/\\\/laruchequiditoui.fr\\\/what-the-field\\\/wp-content\\\/uploads\\\/2025\\\/12\\\/DSC06242-1-4.jpg\",\"contentUrl\":\"https:\\\/\\\/laruchequiditoui.fr\\\/what-the-field\\\/wp-content\\\/uploads\\\/2025\\\/12\\\/DSC06242-1-4.jpg\",\"width\":2000,\"height\":1333},{\"@type\":\"BreadcrumbList\",\"@id\":\"https:\\\/\\\/laruchequiditoui.fr\\\/fr\\\/what-the-field\\\/societe\\\/clementines-verite-ou-mythe\\\/#breadcrumb\",\"itemListElement\":[{\"@type\":\"ListItem\",\"position\":1,\"name\":\"Home\",\"item\":\"https:\\\/\\\/laruchequiditoui.fr\\\/fr\\\/what-the-field\\\/\"},{\"@type\":\"ListItem\",\"position\":2,\"name\":\"Cl\u00e9mentines : v\u00e9rit\u00e9 ou mythe\"}]},{\"@type\":\"WebSite\",\"@id\":\"https:\\\/\\\/www.crowdfarming.com\\\/it\\\/what-the-field\\\/#website\",\"url\":\"https:\\\/\\\/www.crowdfarming.com\\\/it\\\/what-the-field\\\/\",\"name\":\"WTF\",\"description\":\"\",\"potentialAction\":[{\"@type\":\"SearchAction\",\"target\":{\"@type\":\"EntryPoint\",\"urlTemplate\":\"https:\\\/\\\/www.crowdfarming.com\\\/it\\\/what-the-field\\\/?s={search_term_string}\"},\"query-input\":{\"@type\":\"PropertyValueSpecification\",\"valueRequired\":true,\"valueName\":\"search_term_string\"}}],\"inLanguage\":\"fr-FR\"},{\"@type\":\"Person\",\"@id\":\"https:\\\/\\\/www.crowdfarming.com\\\/it\\\/what-the-field\\\/#\\\/schema\\\/person\\\/047ecc8958d09ebbf12c23d4cd2f278f\",\"name\":\"Emilia Aguirre\",\"image\":{\"@type\":\"ImageObject\",\"inLanguage\":\"fr-FR\",\"@id\":\"https:\\\/\\\/laruchequiditoui.fr\\\/what-the-field\\\/wp-content\\\/uploads\\\/2026\\\/01\\\/Screenshot-2026-01-13-at-12.59.24-150x150.png\",\"url\":\"https:\\\/\\\/laruchequiditoui.fr\\\/what-the-field\\\/wp-content\\\/uploads\\\/2026\\\/01\\\/Screenshot-2026-01-13-at-12.59.24-150x150.png\",\"contentUrl\":\"https:\\\/\\\/laruchequiditoui.fr\\\/what-the-field\\\/wp-content\\\/uploads\\\/2026\\\/01\\\/Screenshot-2026-01-13-at-12.59.24-150x150.png\",\"caption\":\"Emilia Aguirre\"},\"description\":\"Emilia Aguirre is our Awareness &amp; Advocacy specialist \u2014 which means she spends her days asking the uncomfortable questions about how our food is grown, priced, labeled, and sold. She hosts What The Field?!, a podcast packed with stories from the ground, hard-hitting research, and conversations with the people shaping the future of food (whether they like it or not).\",\"url\":\"https:\\\/\\\/laruchequiditoui.fr\\\/what-the-field\\\/fr\\\/author\\\/emiliaaguirre\\\/\"}]}<\/script>\n<!-- \/ Yoast SEO plugin. -->","yoast_head_json":{"title":"Cl\u00e9mentines : v\u00e9rit\u00e9 ou mythe - WTF","description":"La saison des cl\u00e9mentines est l\u00e0 (de fin octobre \u00e0 d\u00e9but mars) et beaucoup d\u2019entre nous profitent de nos commandes de cl\u00e9mentines.","robots":{"index":"index","follow":"follow","max-snippet":"max-snippet:-1","max-image-preview":"max-image-preview:large","max-video-preview":"max-video-preview:-1"},"canonical":"https:\/\/laruchequiditoui.fr\/fr\/what-the-field\/societe\/clementines-verite-ou-mythe\/","og_locale":"fr_FR","og_type":"article","og_title":"Cl\u00e9mentines : v\u00e9rit\u00e9 ou mythe - WTF","og_description":"La saison des cl\u00e9mentines est l\u00e0 (de fin octobre \u00e0 d\u00e9but mars) et beaucoup d\u2019entre nous profitent de nos commandes de cl\u00e9mentines.","og_url":"https:\/\/laruchequiditoui.fr\/fr\/what-the-field\/societe\/clementines-verite-ou-mythe\/","og_site_name":"WTF","article_published_time":"2024-12-02T15:52:06+00:00","article_modified_time":"2025-12-19T14:56:18+00:00","og_image":[{"width":2000,"height":1333,"url":"https:\/\/laruchequiditoui.fr\/what-the-field\/wp-content\/uploads\/2025\/12\/DSC06242-1-4.jpg","type":"image\/jpeg"}],"author":"Emilia Aguirre","twitter_card":"summary_large_image","twitter_misc":{"\u00c9crit par":"Emilia Aguirre","Dur\u00e9e de lecture estim\u00e9e":"4 minutes"},"schema":{"@context":"https:\/\/schema.org","@graph":[{"@type":"Article","@id":"https:\/\/laruchequiditoui.fr\/fr\/what-the-field\/societe\/clementines-verite-ou-mythe\/#article","isPartOf":{"@id":"https:\/\/laruchequiditoui.fr\/fr\/what-the-field\/societe\/clementines-verite-ou-mythe\/"},"author":{"name":"Emilia Aguirre","@id":"https:\/\/www.crowdfarming.com\/it\/what-the-field\/#\/schema\/person\/047ecc8958d09ebbf12c23d4cd2f278f"},"headline":"Cl\u00e9mentines : v\u00e9rit\u00e9 ou mythe","datePublished":"2024-12-02T15:52:06+00:00","dateModified":"2025-12-19T14:56:18+00:00","mainEntityOfPage":{"@id":"https:\/\/laruchequiditoui.fr\/fr\/what-the-field\/societe\/clementines-verite-ou-mythe\/"},"wordCount":810,"image":{"@id":"https:\/\/laruchequiditoui.fr\/fr\/what-the-field\/societe\/clementines-verite-ou-mythe\/#primaryimage"},"thumbnailUrl":"https:\/\/laruchequiditoui.fr\/what-the-field\/wp-content\/uploads\/2025\/12\/DSC06242-1-4.jpg","articleSection":["Soci\u00e9t\u00e9"],"inLanguage":"fr-FR"},{"@type":"WebPage","@id":"https:\/\/laruchequiditoui.fr\/fr\/what-the-field\/societe\/clementines-verite-ou-mythe\/","url":"https:\/\/laruchequiditoui.fr\/fr\/what-the-field\/societe\/clementines-verite-ou-mythe\/","name":"Cl\u00e9mentines : v\u00e9rit\u00e9 ou mythe - WTF","isPartOf":{"@id":"https:\/\/www.crowdfarming.com\/it\/what-the-field\/#website"},"primaryImageOfPage":{"@id":"https:\/\/laruchequiditoui.fr\/fr\/what-the-field\/societe\/clementines-verite-ou-mythe\/#primaryimage"},"image":{"@id":"https:\/\/laruchequiditoui.fr\/fr\/what-the-field\/societe\/clementines-verite-ou-mythe\/#primaryimage"},"thumbnailUrl":"https:\/\/laruchequiditoui.fr\/what-the-field\/wp-content\/uploads\/2025\/12\/DSC06242-1-4.jpg","datePublished":"2024-12-02T15:52:06+00:00","dateModified":"2025-12-19T14:56:18+00:00","author":{"@id":"https:\/\/www.crowdfarming.com\/it\/what-the-field\/#\/schema\/person\/047ecc8958d09ebbf12c23d4cd2f278f"},"description":"La saison des cl\u00e9mentines est l\u00e0 (de fin octobre \u00e0 d\u00e9but mars) et beaucoup d\u2019entre nous profitent de nos commandes de cl\u00e9mentines.","breadcrumb":{"@id":"https:\/\/laruchequiditoui.fr\/fr\/what-the-field\/societe\/clementines-verite-ou-mythe\/#breadcrumb"},"inLanguage":"fr-FR","potentialAction":[{"@type":"ReadAction","target":["https:\/\/laruchequiditoui.fr\/fr\/what-the-field\/societe\/clementines-verite-ou-mythe\/"]}]},{"@type":"ImageObject","inLanguage":"fr-FR","@id":"https:\/\/laruchequiditoui.fr\/fr\/what-the-field\/societe\/clementines-verite-ou-mythe\/#primaryimage","url":"https:\/\/laruchequiditoui.fr\/what-the-field\/wp-content\/uploads\/2025\/12\/DSC06242-1-4.jpg","contentUrl":"https:\/\/laruchequiditoui.fr\/what-the-field\/wp-content\/uploads\/2025\/12\/DSC06242-1-4.jpg","width":2000,"height":1333},{"@type":"BreadcrumbList","@id":"https:\/\/laruchequiditoui.fr\/fr\/what-the-field\/societe\/clementines-verite-ou-mythe\/#breadcrumb","itemListElement":[{"@type":"ListItem","position":1,"name":"Home","item":"https:\/\/laruchequiditoui.fr\/fr\/what-the-field\/"},{"@type":"ListItem","position":2,"name":"Cl\u00e9mentines : v\u00e9rit\u00e9 ou mythe"}]},{"@type":"WebSite","@id":"https:\/\/www.crowdfarming.com\/it\/what-the-field\/#website","url":"https:\/\/www.crowdfarming.com\/it\/what-the-field\/","name":"WTF","description":"","potentialAction":[{"@type":"SearchAction","target":{"@type":"EntryPoint","urlTemplate":"https:\/\/www.crowdfarming.com\/it\/what-the-field\/?s={search_term_string}"},"query-input":{"@type":"PropertyValueSpecification","valueRequired":true,"valueName":"search_term_string"}}],"inLanguage":"fr-FR"},{"@type":"Person","@id":"https:\/\/www.crowdfarming.com\/it\/what-the-field\/#\/schema\/person\/047ecc8958d09ebbf12c23d4cd2f278f","name":"Emilia Aguirre","image":{"@type":"ImageObject","inLanguage":"fr-FR","@id":"https:\/\/laruchequiditoui.fr\/what-the-field\/wp-content\/uploads\/2026\/01\/Screenshot-2026-01-13-at-12.59.24-150x150.png","url":"https:\/\/laruchequiditoui.fr\/what-the-field\/wp-content\/uploads\/2026\/01\/Screenshot-2026-01-13-at-12.59.24-150x150.png","contentUrl":"https:\/\/laruchequiditoui.fr\/what-the-field\/wp-content\/uploads\/2026\/01\/Screenshot-2026-01-13-at-12.59.24-150x150.png","caption":"Emilia Aguirre"},"description":"Emilia Aguirre is our Awareness &amp; Advocacy specialist \u2014 which means she spends her days asking the uncomfortable questions about how our food is grown, priced, labeled, and sold. She hosts What The Field?!, a podcast packed with stories from the ground, hard-hitting research, and conversations with the people shaping the future of food (whether they like it or not).","url":"https:\/\/laruchequiditoui.fr\/what-the-field\/fr\/author\/emiliaaguirre\/"}]}},"_links":{"self":[{"href":"https:\/\/laruchequiditoui.fr\/what-the-field\/fr\/wp-json\/wp\/v2\/posts\/19557","targetHints":{"allow":["GET"]}}],"collection":[{"href":"https:\/\/laruchequiditoui.fr\/what-the-field\/fr\/wp-json\/wp\/v2\/posts"}],"about":[{"href":"https:\/\/laruchequiditoui.fr\/what-the-field\/fr\/wp-json\/wp\/v2\/types\/post"}],"author":[{"embeddable":true,"href":"https:\/\/laruchequiditoui.fr\/what-the-field\/fr\/wp-json\/wp\/v2\/users\/174"}],"replies":[{"embeddable":true,"href":"https:\/\/laruchequiditoui.fr\/what-the-field\/fr\/wp-json\/wp\/v2\/comments?post=19557"}],"version-history":[{"count":1,"href":"https:\/\/laruchequiditoui.fr\/what-the-field\/fr\/wp-json\/wp\/v2\/posts\/19557\/revisions"}],"predecessor-version":[{"id":19862,"href":"https:\/\/laruchequiditoui.fr\/what-the-field\/fr\/wp-json\/wp\/v2\/posts\/19557\/revisions\/19862"}],"wp:featuredmedia":[{"embeddable":true,"href":"https:\/\/laruchequiditoui.fr\/what-the-field\/fr\/wp-json\/wp\/v2\/media\/19558"}],"wp:attachment":[{"href":"https:\/\/laruchequiditoui.fr\/what-the-field\/fr\/wp-json\/wp\/v2\/media?parent=19557"}],"wp:term":[{"taxonomy":"category","embeddable":true,"href":"https:\/\/laruchequiditoui.fr\/what-the-field\/fr\/wp-json\/wp\/v2\/categories?post=19557"},{"taxonomy":"post_tag","embeddable":true,"href":"https:\/\/laruchequiditoui.fr\/what-the-field\/fr\/wp-json\/wp\/v2\/tags?post=19557"}],"curies":[{"name":"wp","href":"https:\/\/api.w.org\/{rel}","templated":true}]}}